{"id":1423,"date":"2026-05-01T10:46:40","date_gmt":"2026-05-01T13:46:40","guid":{"rendered":"https:\/\/silvanadeolinda.com.br\/?p=1423"},"modified":"2026-05-01T10:46:41","modified_gmt":"2026-05-01T13:46:41","slug":"o-futuro-do-trabalho-passa-pela-voz-dos-advogados-trabalhistas","status":"publish","type":"post","link":"https:\/\/silvanadeolinda.com.br\/index.php\/2026\/05\/01\/o-futuro-do-trabalho-passa-pela-voz-dos-advogados-trabalhistas\/","title":{"rendered":"O futuro do trabalho passa pela voz dos advogados trabalhistas"},"content":{"rendered":"\n<p><em>Atua\u00e7\u00e3o estrat\u00e9gica inclui orientar empresas e qualificar o debate p\u00fablico na imprensa<\/em><\/p>\n\n\n\n<p>O Dia do Trabalho, celebrado em 1\u00ba de maio, tem origem nas mobiliza\u00e7\u00f5es oper\u00e1rias do final do s\u00e9culo XIX \u2014 especialmente a greve geral de 1886, em Chicago, que reivindicava a jornada de oito horas e culminou no epis\u00f3dio conhecido como Revolta de Haymarket. No Brasil, a data foi oficializada em 1925, durante o governo de Artur Bernardes, consolidando-se como marco simb\u00f3lico da evolu\u00e7\u00e3o das rela\u00e7\u00f5es de trabalho.<\/p>\n\n\n\n<p>Mais de um s\u00e9culo depois, o 1\u00ba de maio deixa de ser apenas uma refer\u00eancia hist\u00f3rica para se afirmar como um term\u00f4metro das transforma\u00e7\u00f5es jur\u00eddicas, econ\u00f4micas e sociais que impactam diretamente empresas, trabalhadores e \u2014 de forma cada vez mais estrat\u00e9gica \u2014 a atua\u00e7\u00e3o de advogados e escrit\u00f3rios de advocacia.<\/p>\n\n\n\n<p>Para o setor jur\u00eddico, o Dia do Trabalho em 2026 ocorre em um contexto de transi\u00e7\u00e3o relevante. A agenda trabalhista est\u00e1 no centro de debates estruturais no pa\u00eds: redu\u00e7\u00e3o de jornada, novos modelos contratuais, regula\u00e7\u00e3o do trabalho em plataformas digitais, transpar\u00eancia salarial e reconfigura\u00e7\u00e3o do papel da Justi\u00e7a do Trabalho diante de precedentes vinculantes do Supremo Tribunal Federal (STF).<\/p>\n\n\n\n<p>Nesse cen\u00e1rio, o advogado trabalhista deixa de atuar apenas de forma reativa \u2014 no contencioso \u2014 para assumir um papel preventivo e estrat\u00e9gico dentro das organiza\u00e7\u00f5es. A leitura jur\u00eddica isolada j\u00e1 n\u00e3o \u00e9 suficiente. \u00c9 preciso interpretar tend\u00eancias, antecipar riscos e traduzir decis\u00f5es judiciais e movimentos regulat\u00f3rios em impactos concretos para o neg\u00f3cio.<\/p>\n\n\n\n<p>A recente intensifica\u00e7\u00e3o do debate sobre igualdade salarial, impulsionada pela Lei n\u00ba 14.611\/2023 e pelo julgamento iminente no STF, \u00e9 um exemplo claro dessa mudan\u00e7a. Escrit\u00f3rios que conseguem transformar esse tema em orienta\u00e7\u00e3o pr\u00e1tica para clientes \u2014 integrando compliance, reputa\u00e7\u00e3o e gest\u00e3o de pessoas \u2014 ampliam seu papel e seu valor no mercado.<\/p>\n\n\n\n<p>Outro vetor relevante \u00e9 a crescente inseguran\u00e7a jur\u00eddica em temas estruturais, como terceiriza\u00e7\u00e3o, pejotiza\u00e7\u00e3o e v\u00ednculo empregat\u00edcio. A necessidade de alinhamento entre decis\u00f5es da Justi\u00e7a do Trabalho e entendimentos do STF tem exigido dos advogados uma atua\u00e7\u00e3o mais t\u00e9cnica, mas tamb\u00e9m mais comunicativa \u2014 capaz de explicar cen\u00e1rios complexos para p\u00fablicos n\u00e3o jur\u00eddicos, como executivos e gestores.<\/p>\n\n\n\n<p>\u00c9 nesse ponto que se consolida uma frente muitas vezes subestimada: o advogado trabalhista como fonte qualificada da imprensa. Em um ambiente de constante produ\u00e7\u00e3o de not\u00edcias sobre decis\u00f5es judiciais, mudan\u00e7as legislativas e conflitos nas rela\u00e7\u00f5es de trabalho, jornalistas buscam especialistas capazes de oferecer leitura r\u00e1pida, precisa e confi\u00e1vel dos fatos.<\/p>\n\n\n\n<p>A presen\u00e7a na imprensa, no entanto, n\u00e3o se resume \u00e0 exposi\u00e7\u00e3o. Trata-se de uma fun\u00e7\u00e3o institucional relevante: qualificar o debate p\u00fablico. Ao contextualizar decis\u00f5es, apontar tend\u00eancias e evitar interpreta\u00e7\u00f5es simplistas, o advogado contribui para reduzir ru\u00eddos e ampliar a compreens\u00e3o social sobre temas complexos. Para os escrit\u00f3rios, essa atua\u00e7\u00e3o tamb\u00e9m se traduz em constru\u00e7\u00e3o de autoridade, reputa\u00e7\u00e3o e confian\u00e7a \u2014 ativos cada vez mais determinantes na escolha de clientes.<\/p>\n\n\n\n<p>Nesse sentido, a capacidade de comunica\u00e7\u00e3o passa a ser t\u00e3o estrat\u00e9gica quanto o dom\u00ednio t\u00e9cnico. Saber traduzir o juridiqu\u00eas sem perder precis\u00e3o, entender o timing da not\u00edcia e oferecer an\u00e1lises que dialoguem com o impacto econ\u00f4mico e social das decis\u00f5es s\u00e3o diferenciais claros para advogados que desejam ocupar esse espa\u00e7o.<\/p>\n\n\n\n<p>H\u00e1, ainda, um movimento silencioso, mas relevante: o pr\u00f3prio mundo do trabalho dentro dos escrit\u00f3rios est\u00e1 mudando. Modelos h\u00edbridos, gest\u00e3o por produtividade, sa\u00fade mental e diversidade passaram a integrar a agenda interna das bancas, refletindo as mesmas tens\u00f5es enfrentadas por seus clientes. Isso refor\u00e7a a necessidade de coer\u00eancia entre discurso e pr\u00e1tica \u2014 um fator cada vez mais observado pelo mercado.<\/p>\n\n\n\n<p>O 1\u00ba de maio de 2026, portanto, n\u00e3o \u00e9 apenas uma data comemorativa. \u00c9 um ponto de inflex\u00e3o. Para advogados e escrit\u00f3rios de advocacia, representa a consolida\u00e7\u00e3o de uma mudan\u00e7a de papel: de int\u00e9rpretes da lei para agentes estrat\u00e9gicos na constru\u00e7\u00e3o de ambientes de trabalho mais seguros, sustent\u00e1veis e alinhados \u00e0s exig\u00eancias regulat\u00f3rias e sociais contempor\u00e2neas.<\/p>\n\n\n\n<p>Em um cen\u00e1rio de transforma\u00e7\u00e3o acelerada, a advocacia trabalhista \u2014 e o posicionamento dos escrit\u00f3rios nesse campo \u2014 passa a ser menos sobre reagir ao conflito e mais sobre antecipar o futuro do trabalho. E, nesse processo, ocupar o espa\u00e7o p\u00fablico com responsabilidade e qualidade informativa deixa de ser opcional para se tornar parte integrante da pr\u00f3pria atua\u00e7\u00e3o jur\u00eddica.<\/p>\n\n\n\n<p><a href=\"https:\/\/www.linkedin.com\/in\/silvanadeolinda\/\"><strong><em>Silvana Deolinda<\/em><\/strong><\/a>,\u00a0<em>jornalista especializada nos campos de divulga\u00e7\u00e3o estrat\u00e9gica e assessoria de imprensa com experi\u00eancia na \u00e1rea empresarial, institucional e do Direito, respons\u00e1vel pela divulga\u00e7\u00e3o da imagem de diversos escrit\u00f3rios de advocacia.<\/em><\/p>\n\n\n\n<p><\/p>\n","protected":false},"excerpt":{"rendered":"<p>Atua\u00e7\u00e3o estrat\u00e9gica inclui orientar empresas e qualificar o debate p\u00fablico na imprensa O Dia do Trabalho, celebrado em 1\u00ba de [&hellip;]<\/p>\n","protected":false},"author":1,"featured_media":1424,"comment_status":"open","ping_status":"open","sticky":false,"template":"","format":"standard","meta":{"om_disable_all_campaigns":false,"_monsterinsights_skip_tracking":false,"_monsterinsights_sitenote_active":false,"_monsterinsights_sitenote_note":"","_monsterinsights_sitenote_category":0,"site-sidebar-layout":"default","site-content-layout":"","ast-site-content-layout":"default","site-content-style":"default","site-sidebar-style":"default","ast-global-header-display":"","ast-banner-title-visibility":"","ast-main-header-display":"","ast-hfb-above-header-display":"","ast-hfb-below-header-display":"","ast-hfb-mobile-header-display":"","site-post-title":"","ast-breadcrumbs-content":"","ast-featured-img":"","footer-sml-layout":"","ast-disable-related-posts":"","theme-transparent-header-meta":"","adv-header-id-meta":"","stick-header-meta":"","header-above-stick-meta":"","header-main-stick-meta":"","header-below-stick-meta":"","astra-migrate-meta-layouts":"default","ast-page-background-enabled":"default","ast-page-background-meta":{"desktop":{"background-color":"var(--ast-global-color-4)","background-image":"","background-repeat":"repeat","background-position":"center center","background-size":"auto","background-attachment":"scroll","background-type":"","background-media":"","overlay-type":"","overlay-color":"","overlay-opacity":"","overlay-gradient":""},"tablet":{"background-color":"","background-image":"","background-repeat":"repeat","background-position":"center center","background-size":"auto","background-attachment":"scroll","background-type":"","background-media":"","overlay-type":"","overlay-color":"","overlay-opacity":"","overlay-gradient":""},"mobile":{"background-color":"","background-image":"","background-repeat":"repeat","background-position":"center center","background-size":"auto","background-attachment":"scroll","background-type":"","background-media":"","overlay-type":"","overlay-color":"","overlay-opacity":"","overlay-gradient":""}},"ast-content-background-meta":{"desktop":{"background-color":"var(--ast-global-color-5)","background-image":"","background-repeat":"repeat","background-position":"center center","background-size":"auto","background-attachment":"scroll","background-type":"","background-media":"","overlay-type":"","overlay-color":"","overlay-opacity":"","overlay-gradient":""},"tablet":{"background-color":"var(--ast-global-color-5)","background-image":"","background-repeat":"repeat","background-position":"center center","background-size":"auto","background-attachment":"scroll","background-type":"","background-media":"","overlay-type":"","overlay-color":"","overlay-opacity":"","overlay-gradient":""},"mobile":{"background-color":"var(--ast-global-color-5)","background-image":"","background-repeat":"repeat","background-position":"center center","background-size":"auto","background-attachment":"scroll","background-type":"","background-media":"","overlay-type":"","overlay-color":"","overlay-opacity":"","overlay-gradient":""}},"footnotes":""},"categories":[1],"tags":[331,330,334,332,289,162,243,9,87,282,251,214],"class_list":["post-1423","post","type-post","status-publish","format-standard","has-post-thumbnail","hentry","category-sem-categoria","tag-dia-do-trabalhador","tag-dia-do-trabalho","tag-empregado","tag-empresa","tag-pejotizacao","tag-projeto-de-lei","tag-relatorio-de-transparencia-salarial","tag-silvana-deolinda","tag-stf","tag-terceirizacao","tag-trabalhista","tag-tst"],"aioseo_notices":[],"_links":{"self":[{"href":"https:\/\/silvanadeolinda.com.br\/index.php\/wp-json\/wp\/v2\/posts\/1423","targetHints":{"allow":["GET"]}}],"collection":[{"href":"https:\/\/silvanadeolinda.com.br\/index.php\/wp-json\/wp\/v2\/posts"}],"about":[{"href":"https:\/\/silvanadeolinda.com.br\/index.php\/wp-json\/wp\/v2\/types\/post"}],"author":[{"embeddable":true,"href":"https:\/\/silvanadeolinda.com.br\/index.php\/wp-json\/wp\/v2\/users\/1"}],"replies":[{"embeddable":true,"href":"https:\/\/silvanadeolinda.com.br\/index.php\/wp-json\/wp\/v2\/comments?post=1423"}],"version-history":[{"count":1,"href":"https:\/\/silvanadeolinda.com.br\/index.php\/wp-json\/wp\/v2\/posts\/1423\/revisions"}],"predecessor-version":[{"id":1425,"href":"https:\/\/silvanadeolinda.com.br\/index.php\/wp-json\/wp\/v2\/posts\/1423\/revisions\/1425"}],"wp:featuredmedia":[{"embeddable":true,"href":"https:\/\/silvanadeolinda.com.br\/index.php\/wp-json\/wp\/v2\/media\/1424"}],"wp:attachment":[{"href":"https:\/\/silvanadeolinda.com.br\/index.php\/wp-json\/wp\/v2\/media?parent=1423"}],"wp:term":[{"taxonomy":"category","embeddable":true,"href":"https:\/\/silvanadeolinda.com.br\/index.php\/wp-json\/wp\/v2\/categories?post=1423"},{"taxonomy":"post_tag","embeddable":true,"href":"https:\/\/silvanadeolinda.com.br\/index.php\/wp-json\/wp\/v2\/tags?post=1423"}],"curies":[{"name":"wp","href":"https:\/\/api.w.org\/{rel}","templated":true}]}}