{"id":1419,"date":"2026-04-30T14:15:23","date_gmt":"2026-04-30T17:15:23","guid":{"rendered":"https:\/\/silvanadeolinda.com.br\/?p=1419"},"modified":"2026-04-30T14:15:24","modified_gmt":"2026-04-30T17:15:24","slug":"desigualdade-salarial-e-a-saude-mental-das-mulheres","status":"publish","type":"post","link":"https:\/\/silvanadeolinda.com.br\/index.php\/2026\/04\/30\/desigualdade-salarial-e-a-saude-mental-das-mulheres\/","title":{"rendered":"Desigualdade salarial e a sa\u00fade mental das mulheres"},"content":{"rendered":"\n<p>&#8220;A liga\u00e7\u00e3o entre menor remunera\u00e7\u00e3o, sobrecarga e barreiras \u00e0 ascens\u00e3o profissional cria um ambiente prop\u00edcio ao adoecimento. O problema alcan\u00e7a o campo organizacional e institucional&#8221;<\/p>\n\n\n\n<figure class=\"wp-block-image size-full\"><img fetchpriority=\"high\" decoding=\"async\" width=\"675\" height=\"449\" src=\"https:\/\/silvanadeolinda.com.br\/wp-content\/uploads\/2026\/04\/image-1.jpeg\" alt=\"\" class=\"wp-image-1420\" srcset=\"https:\/\/silvanadeolinda.com.br\/wp-content\/uploads\/2026\/04\/image-1.jpeg 675w, https:\/\/silvanadeolinda.com.br\/wp-content\/uploads\/2026\/04\/image-1-300x200.jpeg 300w\" sizes=\"(max-width: 675px) 100vw, 675px\" \/><\/figure>\n\n\n\n<p>2026. Eixo Capital. Camila Zatti Araponga, especialista em compliance trabalhista e direito do trabalho do escrit\u00f3rio Bruno Freire Advogados &#8211; (cr\u00e9dito: Divulga\u00e7\u00e3o )<\/p>\n\n\n\n<p><strong>Por&nbsp;Camila Zatti Araponga* \u2014&nbsp;<\/strong>Em meio \u00e0 consolida\u00e7\u00e3o das pol\u00edticas de equidade de g\u00eanero no pa\u00eds, o debate sobre a presen\u00e7a feminina no mercado de trabalho ganhou novos contornos com os Relat\u00f3rios de Transpar\u00eancia Salarial e de Crit\u00e9rios Remunerat\u00f3rios, exigidos pela Lei 14.611\/2023 para empresas com 100 ou mais empregados.<\/p>\n\n\n\n<p>Os dados mais recentes do Minist\u00e9rio do Trabalho e Emprego indicam que as mulheres recebem, em m\u00e9dia, 21,2% a menos do que os homens. A remunera\u00e7\u00e3o m\u00e9dia feminina foi de R$ 3.908,76, contra R$ 4.958,43 para os homens, diferen\u00e7a superior a R$ 1 mil mensais. Embora representem cerca de 40,6% dos v\u00ednculos formais analisados, a participa\u00e7\u00e3o na massa total de rendimentos \u00e9 inferior, reflexo da desigualdade salarial.<\/p>\n\n\n\n<p>O recorte por ra\u00e7a aprofunda mais o cen\u00e1rio. Mulheres negras recebem proporcionalmente menos do que homens n\u00e3o negros, o que evidencia a desigualdades estruturais. Mesmo em cargos de dire\u00e7\u00e3o e ger\u00eancia, a disparidade persiste.<\/p>\n\n\n\n<p>A Lei 14.611 n\u00e3o criou a veda\u00e7\u00e3o \u00e0 discrimina\u00e7\u00e3o salarial, j\u00e1 prevista na Constitui\u00e7\u00e3o e no artigo 461 da CLT, mas instituiu a transpar\u00eancia obrigat\u00f3ria. O legislador transformou a igualdade remunerat\u00f3ria em indicador p\u00fablico de governan\u00e7a, o que \u00e9 fundamental.<\/p>\n\n\n\n<p>Os reflexos n\u00e3o se limitam ao campo financeiro. A desigualdade tamb\u00e9m encontra campo na sa\u00fade mental. Em uma d\u00e9cada, foram notificados no Brasil 1.464 casos de s\u00edndrome de burnout (SB), com disparidade relevante entre g\u00eaneros: 71,38% em mulheres (1.045 casos) e 28,62% em homens (419).<\/p>\n\n\n\n<p>O ano de 2024 registrou o maior n\u00famero de notifica\u00e7\u00f5es (415), sendo 296 em mulheres e 119 em homens. Os dados apontam tend\u00eancia exponencial de crescimento no p\u00fablico feminino, com acelera\u00e7\u00e3o ap\u00f3s 2020, associada a fatores como dupla jornada, intensifica\u00e7\u00e3o do home office e precariza\u00e7\u00e3o laboral no contexto p\u00f3s-pandemia, de acordo com o estudo &#8220;S\u00edndrome de Burnout no Brasil entre 2014 e 2024: um estudo transversal sobre g\u00eanero&#8221;, publicado, em 2025, na revista Eletr\u00f4nica Acervo Cient\u00edfico.<\/p>\n\n\n\n<p>A liga\u00e7\u00e3o entre menor remunera\u00e7\u00e3o, sobrecarga e barreiras \u00e0 ascens\u00e3o profissional cria um ambiente prop\u00edcio ao adoecimento. O problema alcan\u00e7a o campo organizacional e institucional.<\/p>\n\n\n\n<p>Na esfera jur\u00eddica, as disparidades podem impactar a\u00e7\u00f5es de equipara\u00e7\u00e3o salarial e demandas coletivas. A jurisprud\u00eancia trabalhista exige justificativas objetivas para diferen\u00e7as remunerat\u00f3rias e crit\u00e9rios aparentemente neutros que produzam efeitos desproporcionais podem caracterizar discrimina\u00e7\u00e3o indireta.<\/p>\n\n\n\n<p>Al\u00e9m do risco judicial, h\u00e1 o reputacional. Indicadores de igualdade e bem-estar passaram a integrar an\u00e1lises ESG e influenciam decis\u00f5es de investimento e reputa\u00e7\u00e3o corporativa. A desigualdade salarial, somada a \u00edndices elevados de adoecimento feminino, deixa de ser tema simb\u00f3lico. \u00c9 preciso ter vis\u00e3o estrat\u00e9gica para enxergar dessa forma.<\/p>\n\n\n\n<p>A transpar\u00eancia inaugurada pelos relat\u00f3rios oficiais n\u00e3o resolve a desigualdade, mas a torna o problema vis\u00edvel para a sociedade de forma objetiva. O desafio das empresas \u00e9 converter obriga\u00e7\u00e3o legal em revis\u00e3o efetiva de pol\u00edticas salariais, pr\u00e1ticas de promo\u00e7\u00e3o e gest\u00e3o de sa\u00fade ocupacional. Igualdade e ambiente saud\u00e1vel deixaram de ser pauta tem\u00e1tica de datas como o Dia Internacional das Mulheres, para se firmar como exig\u00eancia permanente de governan\u00e7a.<\/p>\n\n\n\n<p><strong>Especialista em compliance trabalhista e direito do trabalho do escrit\u00f3rio Bruno Freire Advogados*<\/strong><\/p>\n\n\n\n<p>Artigo publicado no <a href=\"https:\/\/www.correiobraziliense.com.br\/direito-e-justica\/2026\/04\/7409273-desigualdade-salarial-e-a-saude-mental-das-mulheres.html\" title=\"\">Correio Braziliense<\/a> m 30\/04\/2026<\/p>\n\n\n\n<p><\/p>\n","protected":false},"excerpt":{"rendered":"<p>&#8220;A liga\u00e7\u00e3o entre menor remunera\u00e7\u00e3o, sobrecarga e barreiras \u00e0 ascens\u00e3o profissional cria um ambiente prop\u00edcio ao adoecimento. O problema alcan\u00e7a [&hellip;]<\/p>\n","protected":false},"author":1,"featured_media":1421,"comment_status":"open","ping_status":"open","sticky":false,"template":"","format":"standard","meta":{"om_disable_all_campaigns":false,"_monsterinsights_skip_tracking":false,"_monsterinsights_sitenote_active":false,"_monsterinsights_sitenote_note":"","_monsterinsights_sitenote_category":0,"site-sidebar-layout":"default","site-content-layout":"","ast-site-content-layout":"default","site-content-style":"default","site-sidebar-style":"default","ast-global-header-display":"","ast-banner-title-visibility":"","ast-main-header-display":"","ast-hfb-above-header-display":"","ast-hfb-below-header-display":"","ast-hfb-mobile-header-display":"","site-post-title":"","ast-breadcrumbs-content":"","ast-featured-img":"","footer-sml-layout":"","ast-disable-related-posts":"","theme-transparent-header-meta":"","adv-header-id-meta":"","stick-header-meta":"","header-above-stick-meta":"","header-main-stick-meta":"","header-below-stick-meta":"","astra-migrate-meta-layouts":"default","ast-page-background-enabled":"default","ast-page-background-meta":{"desktop":{"background-color":"var(--ast-global-color-4)","background-image":"","background-repeat":"repeat","background-position":"center center","background-size":"auto","background-attachment":"scroll","background-type":"","background-media":"","overlay-type":"","overlay-color":"","overlay-opacity":"","overlay-gradient":""},"tablet":{"background-color":"","background-image":"","background-repeat":"repeat","background-position":"center center","background-size":"auto","background-attachment":"scroll","background-type":"","background-media":"","overlay-type":"","overlay-color":"","overlay-opacity":"","overlay-gradient":""},"mobile":{"background-color":"","background-image":"","background-repeat":"repeat","background-position":"center center","background-size":"auto","background-attachment":"scroll","background-type":"","background-media":"","overlay-type":"","overlay-color":"","overlay-opacity":"","overlay-gradient":""}},"ast-content-background-meta":{"desktop":{"background-color":"var(--ast-global-color-5)","background-image":"","background-repeat":"repeat","background-position":"center center","background-size":"auto","background-attachment":"scroll","background-type":"","background-media":"","overlay-type":"","overlay-color":"","overlay-opacity":"","overlay-gradient":""},"tablet":{"background-color":"var(--ast-global-color-5)","background-image":"","background-repeat":"repeat","background-position":"center center","background-size":"auto","background-attachment":"scroll","background-type":"","background-media":"","overlay-type":"","overlay-color":"","overlay-opacity":"","overlay-gradient":""},"mobile":{"background-color":"var(--ast-global-color-5)","background-image":"","background-repeat":"repeat","background-position":"center center","background-size":"auto","background-attachment":"scroll","background-type":"","background-media":"","overlay-type":"","overlay-color":"","overlay-opacity":"","overlay-gradient":""}},"footnotes":""},"categories":[1],"tags":[185,250,19,236],"class_list":["post-1419","post","type-post","status-publish","format-standard","has-post-thumbnail","hentry","category-sem-categoria","tag-bruno-freire-advogados","tag-camila-zatti","tag-correio-braziliense","tag-saude-mental"],"aioseo_notices":[],"_links":{"self":[{"href":"https:\/\/silvanadeolinda.com.br\/index.php\/wp-json\/wp\/v2\/posts\/1419","targetHints":{"allow":["GET"]}}],"collection":[{"href":"https:\/\/silvanadeolinda.com.br\/index.php\/wp-json\/wp\/v2\/posts"}],"about":[{"href":"https:\/\/silvanadeolinda.com.br\/index.php\/wp-json\/wp\/v2\/types\/post"}],"author":[{"embeddable":true,"href":"https:\/\/silvanadeolinda.com.br\/index.php\/wp-json\/wp\/v2\/users\/1"}],"replies":[{"embeddable":true,"href":"https:\/\/silvanadeolinda.com.br\/index.php\/wp-json\/wp\/v2\/comments?post=1419"}],"version-history":[{"count":1,"href":"https:\/\/silvanadeolinda.com.br\/index.php\/wp-json\/wp\/v2\/posts\/1419\/revisions"}],"predecessor-version":[{"id":1422,"href":"https:\/\/silvanadeolinda.com.br\/index.php\/wp-json\/wp\/v2\/posts\/1419\/revisions\/1422"}],"wp:featuredmedia":[{"embeddable":true,"href":"https:\/\/silvanadeolinda.com.br\/index.php\/wp-json\/wp\/v2\/media\/1421"}],"wp:attachment":[{"href":"https:\/\/silvanadeolinda.com.br\/index.php\/wp-json\/wp\/v2\/media?parent=1419"}],"wp:term":[{"taxonomy":"category","embeddable":true,"href":"https:\/\/silvanadeolinda.com.br\/index.php\/wp-json\/wp\/v2\/categories?post=1419"},{"taxonomy":"post_tag","embeddable":true,"href":"https:\/\/silvanadeolinda.com.br\/index.php\/wp-json\/wp\/v2\/tags?post=1419"}],"curies":[{"name":"wp","href":"https:\/\/api.w.org\/{rel}","templated":true}]}}